{"id":516,"date":"2025-04-20T16:08:10","date_gmt":"2025-04-20T16:08:10","guid":{"rendered":"http:\/\/rionesansilvestro.it\/?p=516"},"modified":"2025-05-04T09:45:18","modified_gmt":"2025-05-04T09:45:18","slug":"stima-maggio","status":"publish","type":"post","link":"https:\/\/rionesansilvestro.it\/?p=516","title":{"rendered":"Stima del Palio &#8211; 3 maggio 2024"},"content":{"rendered":"<p>Il 3 maggio 2025, la citt\u00e0 di Asti si prepara a vivere uno dei momenti pi\u00f9 solenni e suggestivi del suo calendario tradizionale: la Stima del Palio e il Giuramento dei Rettori. Queste cerimonie segnano l&#8217;inizio ufficiale delle celebrazioni in onore di San Secondo, patrono della citt\u00e0, e rappresentano un legame profondo con la storia e l&#8217;identit\u00e0 astigiana.<\/p>\n<h3><span style=\"font-family: brave; color: #ff0000;\">Un ritorno alle origini: il corteo storico.<\/span><\/h3>\n<p><img fetchpriority=\"high\" decoding=\"async\" class=\"wp-image-579 aligncenter\" src=\"https:\/\/rionesansilvestro.it\/wp-content\/uploads\/2025\/04\/percorso-stima-2025-300x137.jpg\" alt=\"\" width=\"791\" height=\"361\" srcset=\"https:\/\/rionesansilvestro.it\/wp-content\/uploads\/2025\/04\/percorso-stima-2025-300x137.jpg 300w, https:\/\/rionesansilvestro.it\/wp-content\/uploads\/2025\/04\/percorso-stima-2025-1024x469.jpg 1024w, https:\/\/rionesansilvestro.it\/wp-content\/uploads\/2025\/04\/percorso-stima-2025-768x351.jpg 768w, https:\/\/rionesansilvestro.it\/wp-content\/uploads\/2025\/04\/percorso-stima-2025-1536x703.jpg 1536w, https:\/\/rionesansilvestro.it\/wp-content\/uploads\/2025\/04\/percorso-stima-2025.jpg 1613w\" sizes=\"(max-width: 791px) 100vw, 791px\" \/>Alle ore 21:30, un corteo in notturna partir\u00e0 da Piazza Cattedrale, attraversando Via Caracciolo, Corso Alfieri e Via Gobetti, per giungere in Piazza San Secondo. Questo percorso rievoca l&#8217;antico tragitto medievale, offrendo ai partecipanti e agli spettatori un&#8217;immersione nella storia e nelle tradizioni cittadine.<\/p>\n<h3><span style=\"font-family: brave; color: #ff0000;\">La Stima del Palio: tradizione e significato.<\/span><\/h3>\n<p>Alle ore 22:00, in Piazza San Secondo, si svolger\u00e0 la cerimonia della Stima del Palio. Durante questo rito, gli Estimatori, rappresentanti delle antiche corporazioni dei tessitori e dei mercanti, valutano ufficialmente i due drappi del Palio: uno destinato alla Collegiata di San Secondo e l&#8217;altro alla corsa che si terr\u00e0 a settembre.<\/p>\n<p class=\"\" data-start=\"40\" data-end=\"198\"><span class=\"relative -mx-px my-[-0.2rem] rounded px-px py-[0.2rem] transition-colors duration-100 ease-in-out\"><img decoding=\"async\" class=\"size-medium wp-image-575 alignleft\" src=\"https:\/\/rionesansilvestro.it\/wp-content\/uploads\/2025\/04\/m_a0fb0a452f-300x147.jpeg\" alt=\"\" width=\"300\" height=\"147\" srcset=\"https:\/\/rionesansilvestro.it\/wp-content\/uploads\/2025\/04\/m_a0fb0a452f-300x147.jpeg 300w, https:\/\/rionesansilvestro.it\/wp-content\/uploads\/2025\/04\/m_a0fb0a452f.jpeg 510w\" sizes=\"(max-width: 300px) 100vw, 300px\" \/>L&#8217;artista incaricata di dipingere i drappi del Palio di Asti 2025 \u00e8 <strong data-start=\"68\" data-end=\"88\">Marisa Garramone<\/strong>, astigiana di nascita.<\/span> <span class=\"relative -mx-px my-[-0.2rem] rounded px-px py-[0.2rem] transition-colors duration-100 ease-in-out\">La sua nomina \u00e8 stata ufficializzata durante il Consiglio del Palio tenutosi il 26 marzo 2025, come comunicato dall&#8217;assessore alle manifestazioni Riccardo Origlia<\/span> .<\/p>\n<p class=\"\" data-start=\"200\" data-end=\"358\"><span class=\"relative -mx-px my-[-0.2rem] rounded px-px py-[0.2rem] transition-colors duration-100 ease-in-out\">Garramone realizzer\u00e0 due drappi: uno destinato al vincitore della corsa che si terr\u00e0 il 7 settembre 2025, e l&#8217;altro offerto alla Collegiata di San Secondo durante le celebrazioni patronali di maggio.<\/span> <span class=\"relative -mx-px my-[-0.2rem] rounded px-px py-[0.2rem] transition-colors duration-100 ease-in-out\">Questa scelta segna un ritorno significativo, poich\u00e9 dopo molti anni una donna assume il ruolo di &#8220;Maestra del Palio&#8221;<\/span> .\u200b<\/p>\n<p class=\"\" data-start=\"360\" data-end=\"484\"><span class=\"relative -mx-px my-[-0.2rem] rounded px-px py-[0.2rem] transition-colors duration-100 ease-in-out\">In un&#8217;intervista, l&#8217;artista ha dichiarato: &#8220;Chiamatemi Maestra del Palio. Il mio sendallo sar\u00e0 astigiano nell&#8217;anima&#8221;, sottolineando il profondo legame con la sua citt\u00e0 e l&#8217;intenzione di riflettere l&#8217;identit\u00e0 astigiana nel suo lavoro<\/span> .\u200b<\/p>\n<p class=\"\" data-start=\"486\" data-end=\"571\"><span class=\"relative -mx-px my-[-0.2rem] rounded px-px py-[0.2rem] transition-colors duration-100 ease-in-out\">La presentazione ufficiale dei drappi avverr\u00e0 il 3 maggio 2025, durante la cerimonia della Stima del Palio in Piazza San Secondo, evento che segna l&#8217;inizio delle festivit\u00e0 in onore di San Secondo.<\/span><\/p>\n<p>La presenza del Prefetto e del Procuratore della Repubblica sottolinea l&#8217;importanza civica dell&#8217;evento.<\/p>\n<p><img decoding=\"async\" class=\"wp-image-574 aligncenter\" src=\"https:\/\/rionesansilvestro.it\/wp-content\/uploads\/2025\/04\/344589425_776413133828394_5457762304413769307_n-300x225.jpg\" alt=\"\" width=\"555\" height=\"416\" srcset=\"https:\/\/rionesansilvestro.it\/wp-content\/uploads\/2025\/04\/344589425_776413133828394_5457762304413769307_n-300x225.jpg 300w, https:\/\/rionesansilvestro.it\/wp-content\/uploads\/2025\/04\/344589425_776413133828394_5457762304413769307_n-768x576.jpg 768w, https:\/\/rionesansilvestro.it\/wp-content\/uploads\/2025\/04\/344589425_776413133828394_5457762304413769307_n.jpg 1024w\" sizes=\"(max-width: 555px) 100vw, 555px\" \/><\/p>\n<h3><span style=\"font-family: brave; color: #ff0000;\">Il Giuramento dei Rettori: impegno e responsabilit\u00e0.<\/span><\/h3>\n<p><img loading=\"lazy\" decoding=\"async\" class=\" wp-image-573 alignright\" src=\"https:\/\/rionesansilvestro.it\/wp-content\/uploads\/2025\/04\/344243406_1344158212828937_5260139372740629839_n-300x200.jpg\" alt=\"\" width=\"599\" height=\"399\" srcset=\"https:\/\/rionesansilvestro.it\/wp-content\/uploads\/2025\/04\/344243406_1344158212828937_5260139372740629839_n-300x200.jpg 300w, https:\/\/rionesansilvestro.it\/wp-content\/uploads\/2025\/04\/344243406_1344158212828937_5260139372740629839_n-1024x683.jpg 1024w, https:\/\/rionesansilvestro.it\/wp-content\/uploads\/2025\/04\/344243406_1344158212828937_5260139372740629839_n-768x512.jpg 768w, https:\/\/rionesansilvestro.it\/wp-content\/uploads\/2025\/04\/344243406_1344158212828937_5260139372740629839_n-1536x1025.jpg 1536w, https:\/\/rionesansilvestro.it\/wp-content\/uploads\/2025\/04\/344243406_1344158212828937_5260139372740629839_n.jpg 2048w\" sizes=\"(max-width: 599px) 100vw, 599px\" \/><\/p>\n<p>A seguire, i Rettori dei Rioni, Borghi e Comuni partecipanti al Palio pronunceranno il loro giuramento, impegnandosi a rispettare le regole della competizione e a onorare la citt\u00e0 di Asti. Questo momento sancisce l&#8217;apertura ufficiale dell&#8217;anno paliofilo e rafforza il senso di comunit\u00e0 e appartenenza tra i partecipanti.<\/p>\n<h3><span style=\"font-family: brave; font-size: 21px; color: #ff0000;\">Contingenze climatiche.<\/span><\/h3>\n<p>In caso di maltempo, le cerimonie del Giuramento e della Stima del Palio si terranno presso il Teatro Alfieri alle ore 21:15, mentre il corteo in notturna sar\u00e0 annullato.<\/p>\n<p>La serata del 3 maggio rappresenta un&#8217;occasione unica per vivere da vicino le tradizioni astigiane, immergendosi in un&#8217;atmosfera carica di storia, cultura e passione.<\/p>\n<p>&nbsp;<\/p>\n<h3><span style=\"font-family: brave; color: #ff0000;\">Eventi collaterali: la Sbandierata del Santo.<\/span><b><\/b><\/h3>\n<p>Il giorno successivo,\u00a0domenica 4 maggio, alle ore 15:00\u00a0in Piazza San Secondo, si terr\u00e0 la \u201cSbandierata del Santo\u201d, un\u2019esibizione di sbandieratori e musici in erba. L\u2019evento sar\u00e0 preceduto da un corteo che partir\u00e0 alle\u00a014:30\u00a0da Piazza Roma. In caso di maltempo, la manifestazione sar\u00e0 rinviata a\u00a0marted\u00ec 6 maggio alle ore 18:00\u00a0.<\/p>\n<h3><span style=\"font-family: brave; color: #ff0000;\">Un anniversario da non perdere.<\/span><\/h3>\n<div>Il 2025 segna un traguardo significativo per il Palio di Asti, celebrando 750 anni di storia, cultura e tradizione. Le cerimonie della Stima del Palio e del Giuramento dei Rettori rappresentano momenti fondamentali che uniscono la comunit\u00e0 e mantengono viva la memoria storica della citt\u00e0. Un\u2019occasione imperdibile per immergersi nell\u2019atmosfera medievale e vivere da vicino una delle manifestazioni pi\u00f9 affascinanti del panorama italiano.<\/div>\n<div><\/div>\n<div>Per ulteriori informazioni e aggiornamenti, \u00e8 possibile visitare il sito ufficiale del Comune di Asti:\u00a0<a href=\"http:\/\/www.comune.asti.it.\">http:\/\/www.comune.asti.it<\/a><\/div>\n","protected":false},"excerpt":{"rendered":"<p>Il 3 maggio 2025, la citt\u00e0 di Asti si prepara a vivere uno dei momenti pi\u00f9 solenni e suggestivi del suo calendario tradizionale: la Stima del Palio e il Giuramento dei Rettori. Queste cerimonie segnano l&#8217;inizio ufficiale delle celebrazioni in onore di San Secondo, patrono della citt\u00e0, e rappresentano un legame profondo con la storia [&hellip;]<\/p>\n","protected":false},"author":2,"featured_media":566,"comment_status":"open","ping_status":"open","sticky":false,"template":"","format":"standard","meta":{"_crdt_document":"","footnotes":""},"categories":[15],"tags":[],"class_list":["post-516","post","type-post","status-publish","format-standard","has-post-thumbnail","hentry","category-eventi"],"_links":{"self":[{"href":"https:\/\/rionesansilvestro.it\/index.php?rest_route=\/wp\/v2\/posts\/516","targetHints":{"allow":["GET"]}}],"collection":[{"href":"https:\/\/rionesansilvestro.it\/index.php?rest_route=\/wp\/v2\/posts"}],"about":[{"href":"https:\/\/rionesansilvestro.it\/index.php?rest_route=\/wp\/v2\/types\/post"}],"author":[{"embeddable":true,"href":"https:\/\/rionesansilvestro.it\/index.php?rest_route=\/wp\/v2\/users\/2"}],"replies":[{"embeddable":true,"href":"https:\/\/rionesansilvestro.it\/index.php?rest_route=%2Fwp%2Fv2%2Fcomments&post=516"}],"version-history":[{"count":17,"href":"https:\/\/rionesansilvestro.it\/index.php?rest_route=\/wp\/v2\/posts\/516\/revisions"}],"predecessor-version":[{"id":660,"href":"https:\/\/rionesansilvestro.it\/index.php?rest_route=\/wp\/v2\/posts\/516\/revisions\/660"}],"wp:featuredmedia":[{"embeddable":true,"href":"https:\/\/rionesansilvestro.it\/index.php?rest_route=\/wp\/v2\/media\/566"}],"wp:attachment":[{"href":"https:\/\/rionesansilvestro.it\/index.php?rest_route=%2Fwp%2Fv2%2Fmedia&parent=516"}],"wp:term":[{"taxonomy":"category","embeddable":true,"href":"https:\/\/rionesansilvestro.it\/index.php?rest_route=%2Fwp%2Fv2%2Fcategories&post=516"},{"taxonomy":"post_tag","embeddable":true,"href":"https:\/\/rionesansilvestro.it\/index.php?rest_route=%2Fwp%2Fv2%2Ftags&post=516"}],"curies":[{"name":"wp","href":"https:\/\/api.w.org\/{rel}","templated":true}]}}